{"id":29672,"date":"2010-09-20T13:32:43","date_gmt":"2010-09-20T12:32:43","guid":{"rendered":"http:\/\/www.cirurgiavet.com\/web\/?p=29672"},"modified":"2019-01-20T13:53:43","modified_gmt":"2019-01-20T13:53:43","slug":"politraumatismo","status":"publish","type":"post","link":"http:\/\/www.cirurgiavet.com\/web\/politraumatismo\/","title":{"rendered":"Politraumatismo"},"content":{"rendered":"<p>[et_pb_section bb_built=&#8221;1&#8243; _builder_version=&#8221;3.0.47&#8243; custom_padding=&#8221;0px|0px|20.6563px|0px&#8221; next_background_color=&#8221;#000000&#8243;][et_pb_row admin_label=&#8221;row&#8221; custom_padding=&#8221;40px|||&#8221; column_padding_mobile=&#8221;on&#8221; background_position_1=&#8221;top_left&#8221; background_repeat_1=&#8221;no-repeat&#8221; _builder_version=&#8221;3.0.51&#8243; background_size=&#8221;initial&#8221; background_position=&#8221;top_left&#8221; background_repeat=&#8221;repeat&#8221;][et_pb_column type=&#8221;4_4&#8243;][et_pb_cta admin_label=&#8221;CASOS CL\u00cdNICOS &#8211; TRAUMATOLOGIA (n\u00e3o editar)&#8221; title=&#8221;CASOS CL\u00cdNICOS &#8211; TRAUMATOLOGIA&#8221; _builder_version=&#8221;3.19.4&#8243; use_background_color=&#8221;off&#8221; background_size=&#8221;initial&#8221; background_position=&#8221;top_left&#8221; background_repeat=&#8221;repeat&#8221; background_layout=&#8221;light&#8221; saved_tabs=&#8221;all&#8221; button_text_size__hover_enabled=&#8221;off&#8221; button_text_size__hover=&#8221;null&#8221; button_one_text_size__hover_enabled=&#8221;off&#8221; button_one_text_size__hover=&#8221;null&#8221; button_two_text_size__hover_enabled=&#8221;off&#8221; button_two_text_size__hover=&#8221;null&#8221; button_text_color__hover_enabled=&#8221;off&#8221; button_text_color__hover=&#8221;null&#8221; button_one_text_color__hover_enabled=&#8221;off&#8221; button_one_text_color__hover=&#8221;null&#8221; button_two_text_color__hover_enabled=&#8221;off&#8221; button_two_text_color__hover=&#8221;null&#8221; button_border_width__hover_enabled=&#8221;off&#8221; button_border_width__hover=&#8221;null&#8221; button_one_border_width__hover_enabled=&#8221;off&#8221; button_one_border_width__hover=&#8221;null&#8221; button_two_border_width__hover_enabled=&#8221;off&#8221; button_two_border_width__hover=&#8221;null&#8221; button_border_color__hover_enabled=&#8221;off&#8221; button_border_color__hover=&#8221;null&#8221; button_one_border_color__hover_enabled=&#8221;off&#8221; button_one_border_color__hover=&#8221;null&#8221; button_two_border_color__hover_enabled=&#8221;off&#8221; button_two_border_color__hover=&#8221;null&#8221; button_border_radius__hover_enabled=&#8221;off&#8221; button_border_radius__hover=&#8221;null&#8221; button_one_border_radius__hover_enabled=&#8221;off&#8221; button_one_border_radius__hover=&#8221;null&#8221; button_two_border_radius__hover_enabled=&#8221;off&#8221; button_two_border_radius__hover=&#8221;null&#8221; button_letter_spacing__hover_enabled=&#8221;off&#8221; button_letter_spacing__hover=&#8221;null&#8221; button_one_letter_spacing__hover_enabled=&#8221;off&#8221; button_one_letter_spacing__hover=&#8221;null&#8221; button_two_letter_spacing__hover_enabled=&#8221;off&#8221; button_two_letter_spacing__hover=&#8221;null&#8221; button_bg_color__hover_enabled=&#8221;off&#8221; button_bg_color__hover=&#8221;null&#8221; button_one_bg_color__hover_enabled=&#8221;off&#8221; button_one_bg_color__hover=&#8221;null&#8221; button_two_bg_color__hover_enabled=&#8221;off&#8221; button_two_bg_color__hover=&#8221;null&#8221; \/][\/et_pb_column][\/et_pb_row][\/et_pb_section][et_pb_section bb_built=&#8221;1&#8243; fullwidth=&#8221;on&#8221; _builder_version=&#8221;3.19.4&#8243; custom_padding=&#8221;0px|50px|50px|50px&#8221; prev_background_color=&#8221;#000000&#8243; next_background_color=&#8221;#000000&#8243;][et_pb_fullwidth_post_title admin_label=&#8221;T\u00cdTULO (n\u00e3o editar)&#8221; author=&#8221;off&#8221; categories=&#8221;off&#8221; comments=&#8221;off&#8221; featured_image=&#8221;off&#8221; _builder_version=&#8221;3.19.4&#8243; title_font_size=&#8221;36px&#8221; title_all_caps=&#8221;off&#8221; custom_margin=&#8221;0px||0px|&#8221; custom_padding=&#8221;0px|||&#8221; \/][\/et_pb_section][et_pb_section bb_built=&#8221;1&#8243; admin_label=&#8221;section&#8221; custom_padding_last_edited=&#8221;on|desktop&#8221; _builder_version=&#8221;3.0.74&#8243; custom_padding=&#8221;0px|0px|50.5167px|0px&#8221; custom_padding_tablet=&#8221;50px|0|50px|0&#8243; padding_mobile=&#8221;off&#8221; prev_background_color=&#8221;#000000&#8243; next_background_color=&#8221;#000000&#8243;][et_pb_row][et_pb_column type=&#8221;4_4&#8243;][et_pb_text admin_label=&#8221;FOTO E APRESENTA\u00c7\u00c3O&#8221; _builder_version=&#8221;3.19.4&#8243;]<\/p>\n<div class=\"text-headers-3\"><span class=\"Azul IL\" style=\"color: #1e73be;\"><strong><img loading=\"lazy\" decoding=\"async\" class=\"size-full wp-image-29679 alignleft\" src=\"http:\/\/www.cirurgiavet.com\/web\/wp-content\/uploads\/2019\/01\/boneca_id.jpg\" alt=\"\" width=\"100\" height=\"133\" \/>&#8220;Boneca&#8221;<\/strong><\/span><br \/><span class=\"Azul IL\" style=\"color: #1e73be;\"><em><span class=\"text-headers-4\">Caniche com 13 anos de idade<\/span><\/em><\/span><\/div>\n<div class=\"text-headers-3\">\u00a0<\/div>\n<div>V\u00e1rias les\u00f5es ortop\u00e9dicas causadas por atropelamento.<\/div>\n<p>[\/et_pb_text][\/et_pb_column][\/et_pb_row][et_pb_row admin_label=&#8221;row&#8221; custom_padding=&#8221;0px|0px|27px|0px&#8221; padding_mobile=&#8221;off&#8221; column_padding_mobile=&#8221;on&#8221; _builder_version=&#8221;3.19.4&#8243; background_size=&#8221;initial&#8221; background_position=&#8221;top_left&#8221; background_repeat=&#8221;repeat&#8221;][et_pb_column type=&#8221;4_4&#8243;][et_pb_text admin_label=&#8221;TEXTO DO CASO CL\u00cdNICO&#8221; disabled=&#8221;off&#8221; background_position=&#8221;top_left&#8221; background_repeat=&#8221;repeat&#8221; background_size=&#8221;initial&#8221; _builder_version=&#8221;3.19.4&#8243;]<\/p>\n<hr \/>\n<h3><span class=\"Azul IL\" style=\"color: #1e73be;\">1 &#8211; Politraumatismo<br \/><\/span><\/h3>\n<p style=\"text-align: center;\"><img loading=\"lazy\" decoding=\"async\" class=\"aligncenter size-full wp-image-29678\" src=\"http:\/\/www.cirurgiavet.com\/web\/wp-content\/uploads\/2019\/01\/boneca1.jpg\" alt=\"\" width=\"500\" height=\"355\" srcset=\"http:\/\/www.cirurgiavet.com\/web\/wp-content\/uploads\/2019\/01\/boneca1.jpg 500w, http:\/\/www.cirurgiavet.com\/web\/wp-content\/uploads\/2019\/01\/boneca1-300x213.jpg 300w, http:\/\/www.cirurgiavet.com\/web\/wp-content\/uploads\/2019\/01\/boneca1-400x284.jpg 400w\" sizes=\"(max-width: 500px) 100vw, 500px\" \/><em>Fractura de \u00cdleo e luxa\u00e7\u00e3o coxo-femoral do lado esquerdo e fractura de Isquio, p\u00fabis e t\u00edbia direitos.<br \/><\/em><\/p>\n<hr \/>\n<h3><span class=\"Azul IL\" style=\"color: #1e73be;\">2 &#8211; P\u00f3s cir\u00fargico<br \/><\/span><\/h3>\n<p style=\"text-align: center;\"><img loading=\"lazy\" decoding=\"async\" class=\"aligncenter size-full wp-image-29677\" src=\"http:\/\/www.cirurgiavet.com\/web\/wp-content\/uploads\/2019\/01\/boneca2.jpg\" alt=\"\" width=\"376\" height=\"500\" srcset=\"http:\/\/www.cirurgiavet.com\/web\/wp-content\/uploads\/2019\/01\/boneca2.jpg 376w, http:\/\/www.cirurgiavet.com\/web\/wp-content\/uploads\/2019\/01\/boneca2-226x300.jpg 226w\" sizes=\"(max-width: 376px) 100vw, 376px\" \/><em>Reconstru\u00e7\u00e3o do \u00edleo e da articula\u00e7\u00e3o coxofemoral esquerdos, o que realinha o p\u00fabis e \u00edsquio direitos. Montagem de fixador externo de forma fechada na t\u00edbia direita .<\/em><\/p>\n<hr \/>\n<h3><span class=\"Azul IL\" style=\"color: #1e73be;\">3 &#8211; Recupera\u00e7\u00e3o precoce da marcha<br \/><\/span><\/h3>\n<p style=\"text-align: center;\"><img loading=\"lazy\" decoding=\"async\" class=\"aligncenter size-full wp-image-29676\" src=\"http:\/\/www.cirurgiavet.com\/web\/wp-content\/uploads\/2019\/01\/boneca3.jpg\" alt=\"\" width=\"500\" height=\"358\" srcset=\"http:\/\/www.cirurgiavet.com\/web\/wp-content\/uploads\/2019\/01\/boneca3.jpg 500w, http:\/\/www.cirurgiavet.com\/web\/wp-content\/uploads\/2019\/01\/boneca3-300x215.jpg 300w\" sizes=\"(max-width: 500px) 100vw, 500px\" \/><em>Recupera\u00e7\u00e3o da capacidade locomotora em cerca de 1 semana, permitindo a manuten\u00e7\u00e3o da massa muscular e fun\u00e7\u00e3o articular e retorno r\u00e1pido \u00e0 rotina di\u00e1ria.<\/em><\/p>\n<hr \/>\n<h3><span class=\"Azul IL\" style=\"color: #1e73be;\">4\u00a0&#8211; Anca<br \/><\/span><\/h3>\n<p style=\"text-align: center;\"><img loading=\"lazy\" decoding=\"async\" class=\"aligncenter size-full wp-image-29675\" src=\"http:\/\/www.cirurgiavet.com\/web\/wp-content\/uploads\/2019\/01\/boneca4.jpg\" alt=\"\" width=\"487\" height=\"500\" srcset=\"http:\/\/www.cirurgiavet.com\/web\/wp-content\/uploads\/2019\/01\/boneca4.jpg 487w, http:\/\/www.cirurgiavet.com\/web\/wp-content\/uploads\/2019\/01\/boneca4-292x300.jpg 292w\" sizes=\"(max-width: 487px) 100vw, 487px\" \/><em>Imagem da anca 8 semanas ap\u00f3s a cirurgia. Cicatriza\u00e7\u00e3o \u00f3ssea e morfologia coxo-femoral esquerdas totalmente satisfat\u00f3rias; n\u00e3o \u00e9 observ\u00e1vel calo \u00f3sseo mineralizado nas fracturas isqui\u00e1tica e p\u00fabica do lado direito.<\/em><\/p>\n<hr \/>\n<h3><span class=\"Azul IL\" style=\"color: #1e73be;\">5\u00a0&#8211; T\u00edbia<br \/><\/span><\/h3>\n<p style=\"text-align: center;\"><img loading=\"lazy\" decoding=\"async\" class=\"aligncenter size-full wp-image-29674\" src=\"http:\/\/www.cirurgiavet.com\/web\/wp-content\/uploads\/2019\/01\/boneca5.jpg\" alt=\"\" width=\"248\" height=\"500\" srcset=\"http:\/\/www.cirurgiavet.com\/web\/wp-content\/uploads\/2019\/01\/boneca5.jpg 248w, http:\/\/www.cirurgiavet.com\/web\/wp-content\/uploads\/2019\/01\/boneca5-149x300.jpg 149w\" sizes=\"(max-width: 248px) 100vw, 248px\" \/><em>Imagem lateral da tibia 8 semanas ap\u00f3s a cirurgia e na altura de remo\u00e7\u00e3o do fixador externo. As redu\u00e7\u00f5es fechadas permitem, regra geral, uma cicatriza\u00e7\u00e3o \u00f3ssea mais c\u00e9lere que as redu\u00e7\u00f5es abertas devido \u00e0 preserva\u00e7\u00e3o da vasculariza\u00e7\u00e3o e integridade dos tecidos na zona de fractura.<\/em><\/p>\n<p style=\"text-align: center;\"><img loading=\"lazy\" decoding=\"async\" class=\"aligncenter size-full wp-image-29673\" src=\"http:\/\/www.cirurgiavet.com\/web\/wp-content\/uploads\/2019\/01\/boneca6.jpg\" alt=\"\" width=\"153\" height=\"500\" srcset=\"http:\/\/www.cirurgiavet.com\/web\/wp-content\/uploads\/2019\/01\/boneca6.jpg 153w, http:\/\/www.cirurgiavet.com\/web\/wp-content\/uploads\/2019\/01\/boneca6-92x300.jpg 92w\" sizes=\"(max-width: 153px) 100vw, 153px\" \/><em>Imagem antero-posterior da t\u00edbia 8 semanas ap\u00f3s a cirurgia e na altura de remo\u00e7\u00e3o do fixador externo.<\/em><\/p>\n<p>\u00a0<\/p>\n<hr \/>\n<p>[\/et_pb_text][\/et_pb_column][\/et_pb_row][\/et_pb_section][et_pb_section bb_built=&#8221;1&#8243; _builder_version=&#8221;3.0.47&#8243; prev_background_color=&#8221;#000000&#8243;][et_pb_row _builder_version=&#8221;3.0.48&#8243; background_size=&#8221;initial&#8221; background_position=&#8221;top_left&#8221; background_repeat=&#8221;repeat&#8221;][et_pb_column type=&#8221;4_4&#8243;][et_pb_button admin_label=&#8221;BOT\u00c3O VOLTAR TRAUMATOLOGIA (n\u00e3o editar)&#8221; button_url=&#8221;http:\/\/www.cirurgiavet.com\/web\/casos-clinicos-traumatologia\/&#8221; button_text=&#8221;MAIS CASOS DE TRAUMATOLOGIA&#8221; button_alignment=&#8221;center&#8221; _builder_version=&#8221;3.19.4&#8243; custom_button=&#8221;on&#8221; button_text_size=&#8221;14px&#8221; button_bg_color=&#8221;#629fca&#8221; button_border_width=&#8221;0px&#8221; button_icon=&#8221;%%197%%&#8221; button_icon_placement=&#8221;left&#8221; button_on_hover=&#8221;off&#8221; background_layout=&#8221;dark&#8221; button_letter_spacing_hover=&#8221;0&#8243; button_bg_color_hover=&#8221;#14647c&#8221; button_text_size__hover_enabled=&#8221;off&#8221; button_one_text_size__hover_enabled=&#8221;off&#8221; button_two_text_size__hover_enabled=&#8221;off&#8221; button_text_color__hover_enabled=&#8221;off&#8221; button_one_text_color__hover_enabled=&#8221;off&#8221; button_two_text_color__hover_enabled=&#8221;off&#8221; button_border_width__hover_enabled=&#8221;off&#8221; button_one_border_width__hover_enabled=&#8221;off&#8221; button_two_border_width__hover_enabled=&#8221;off&#8221; button_border_color__hover_enabled=&#8221;off&#8221; button_one_border_color__hover_enabled=&#8221;off&#8221; button_two_border_color__hover_enabled=&#8221;off&#8221; button_border_radius__hover_enabled=&#8221;off&#8221; button_one_border_radius__hover_enabled=&#8221;off&#8221; button_two_border_radius__hover_enabled=&#8221;off&#8221; button_letter_spacing__hover_enabled=&#8221;on&#8221; button_letter_spacing__hover=&#8221;0&#8243; button_one_letter_spacing__hover_enabled=&#8221;off&#8221; button_two_letter_spacing__hover_enabled=&#8221;off&#8221; button_bg_color__hover_enabled=&#8221;on&#8221; button_bg_color__hover=&#8221;#14647c&#8221; button_one_bg_color__hover_enabled=&#8221;off&#8221; button_two_bg_color__hover_enabled=&#8221;off&#8221; \/][\/et_pb_column][\/et_pb_row][\/et_pb_section]<\/p>\n","protected":false},"excerpt":{"rendered":"<div class=\"text-headers-3\"><strong><span style=\"color: #1e73be;\">&#8220;Boneca&#8221;<\/span><\/strong><br \/>\n<em><span class=\"text-headers-4\" style=\"color: #1e73be;\">Caniche com 13 anos de idade<\/span><\/em><\/div>\n<div class=\"text-headers-3\">\u00a0<\/div>\n<div>V\u00e1rias les\u00f5es ortop\u00e9dicas causadas por atropelamento.<\/div>\n","protected":false},"author":1,"featured_media":29679,"comment_status":"closed","ping_status":"closed","sticky":false,"template":"","format":"standard","meta":{"_et_pb_use_builder":"on","_et_pb_old_content":"","_et_gb_content_width":"","footnotes":""},"categories":[24],"tags":[200,209,29,208,71,38,27,28,32,30,206,39,33,35,207,205,37,204,34,31,36],"_links":{"self":[{"href":"http:\/\/www.cirurgiavet.com\/web\/wp-json\/wp\/v2\/posts\/29672"}],"collection":[{"href":"http:\/\/www.cirurgiavet.com\/web\/wp-json\/wp\/v2\/posts"}],"about":[{"href":"http:\/\/www.cirurgiavet.com\/web\/wp-json\/wp\/v2\/types\/post"}],"author":[{"embeddable":true,"href":"http:\/\/www.cirurgiavet.com\/web\/wp-json\/wp\/v2\/users\/1"}],"replies":[{"embeddable":true,"href":"http:\/\/www.cirurgiavet.com\/web\/wp-json\/wp\/v2\/comments?post=29672"}],"version-history":[{"count":1,"href":"http:\/\/www.cirurgiavet.com\/web\/wp-json\/wp\/v2\/posts\/29672\/revisions"}],"predecessor-version":[{"id":29680,"href":"http:\/\/www.cirurgiavet.com\/web\/wp-json\/wp\/v2\/posts\/29672\/revisions\/29680"}],"wp:featuredmedia":[{"embeddable":true,"href":"http:\/\/www.cirurgiavet.com\/web\/wp-json\/wp\/v2\/media\/29679"}],"wp:attachment":[{"href":"http:\/\/www.cirurgiavet.com\/web\/wp-json\/wp\/v2\/media?parent=29672"}],"wp:term":[{"taxonomy":"category","embeddable":true,"href":"http:\/\/www.cirurgiavet.com\/web\/wp-json\/wp\/v2\/categories?post=29672"},{"taxonomy":"post_tag","embeddable":true,"href":"http:\/\/www.cirurgiavet.com\/web\/wp-json\/wp\/v2\/tags?post=29672"}],"curies":[{"name":"wp","href":"https:\/\/api.w.org\/{rel}","templated":true}]}}