{"id":29262,"date":"2017-05-05T19:25:13","date_gmt":"2017-05-05T18:25:13","guid":{"rendered":"http:\/\/www.cirurgiavet.com\/web\/?p=29262"},"modified":"2019-01-15T00:55:29","modified_gmt":"2019-01-15T00:55:29","slug":"contractura-fibrotica-do-musculo-infra-espinhoso","status":"publish","type":"post","link":"http:\/\/www.cirurgiavet.com\/web\/contractura-fibrotica-do-musculo-infra-espinhoso\/","title":{"rendered":"Contractura fibr\u00f3tica do m\u00fasculo infra-espinhoso"},"content":{"rendered":"<p>[et_pb_section bb_built=&#8221;1&#8243; _builder_version=&#8221;3.0.47&#8243; custom_padding=&#8221;0px|0px|20.6563px|0px&#8221; next_background_color=&#8221;#000000&#8243;][et_pb_row admin_label=&#8221;row&#8221; custom_padding=&#8221;40px|||&#8221; column_padding_mobile=&#8221;on&#8221; background_position_1=&#8221;top_left&#8221; background_repeat_1=&#8221;no-repeat&#8221; _builder_version=&#8221;3.0.51&#8243; background_size=&#8221;initial&#8221; background_position=&#8221;top_left&#8221; background_repeat=&#8221;repeat&#8221;][et_pb_column type=&#8221;4_4&#8243;][et_pb_cta admin_label=&#8221;CASOS CL\u00cdNICOS &#8211; ORTOPEDIA (n\u00e3o editar)&#8221; title=&#8221;CASOS CL\u00cdNICOS &#8211; ORTOPEDIA&#8221; _builder_version=&#8221;3.19.4&#8243; use_background_color=&#8221;off&#8221; background_size=&#8221;initial&#8221; background_position=&#8221;top_left&#8221; background_repeat=&#8221;repeat&#8221; background_layout=&#8221;light&#8221; saved_tabs=&#8221;all&#8221; button_text_size__hover_enabled=&#8221;off&#8221; button_text_size__hover=&#8221;null&#8221; button_one_text_size__hover_enabled=&#8221;off&#8221; button_one_text_size__hover=&#8221;null&#8221; button_two_text_size__hover_enabled=&#8221;off&#8221; button_two_text_size__hover=&#8221;null&#8221; button_text_color__hover_enabled=&#8221;off&#8221; button_text_color__hover=&#8221;null&#8221; button_one_text_color__hover_enabled=&#8221;off&#8221; button_one_text_color__hover=&#8221;null&#8221; button_two_text_color__hover_enabled=&#8221;off&#8221; button_two_text_color__hover=&#8221;null&#8221; button_border_width__hover_enabled=&#8221;off&#8221; button_border_width__hover=&#8221;null&#8221; button_one_border_width__hover_enabled=&#8221;off&#8221; button_one_border_width__hover=&#8221;null&#8221; button_two_border_width__hover_enabled=&#8221;off&#8221; button_two_border_width__hover=&#8221;null&#8221; button_border_color__hover_enabled=&#8221;off&#8221; button_border_color__hover=&#8221;null&#8221; button_one_border_color__hover_enabled=&#8221;off&#8221; button_one_border_color__hover=&#8221;null&#8221; button_two_border_color__hover_enabled=&#8221;off&#8221; button_two_border_color__hover=&#8221;null&#8221; button_border_radius__hover_enabled=&#8221;off&#8221; button_border_radius__hover=&#8221;null&#8221; button_one_border_radius__hover_enabled=&#8221;off&#8221; button_one_border_radius__hover=&#8221;null&#8221; button_two_border_radius__hover_enabled=&#8221;off&#8221; button_two_border_radius__hover=&#8221;null&#8221; button_letter_spacing__hover_enabled=&#8221;off&#8221; button_letter_spacing__hover=&#8221;null&#8221; button_one_letter_spacing__hover_enabled=&#8221;off&#8221; button_one_letter_spacing__hover=&#8221;null&#8221; button_two_letter_spacing__hover_enabled=&#8221;off&#8221; button_two_letter_spacing__hover=&#8221;null&#8221; button_bg_color__hover_enabled=&#8221;off&#8221; button_bg_color__hover=&#8221;null&#8221; button_one_bg_color__hover_enabled=&#8221;off&#8221; button_one_bg_color__hover=&#8221;null&#8221; button_two_bg_color__hover_enabled=&#8221;off&#8221; button_two_bg_color__hover=&#8221;null&#8221; \/][\/et_pb_column][\/et_pb_row][\/et_pb_section][et_pb_section bb_built=&#8221;1&#8243; fullwidth=&#8221;on&#8221; _builder_version=&#8221;3.19.4&#8243; custom_padding=&#8221;0px|50px|50px|50px&#8221; prev_background_color=&#8221;#000000&#8243; next_background_color=&#8221;#000000&#8243;][et_pb_fullwidth_post_title admin_label=&#8221;T\u00cdTULO (n\u00e3o editar)&#8221; author=&#8221;off&#8221; categories=&#8221;off&#8221; comments=&#8221;off&#8221; featured_image=&#8221;off&#8221; _builder_version=&#8221;3.19.4&#8243; title_font_size=&#8221;36px&#8221; title_all_caps=&#8221;off&#8221; custom_margin=&#8221;0px||0px|&#8221; custom_padding=&#8221;0px|||&#8221; \/][\/et_pb_section][et_pb_section bb_built=&#8221;1&#8243; admin_label=&#8221;section&#8221; custom_padding_last_edited=&#8221;on|desktop&#8221; _builder_version=&#8221;3.0.74&#8243; custom_padding=&#8221;0px|0px|50.5167px|0px&#8221; custom_padding_tablet=&#8221;50px|0|50px|0&#8243; padding_mobile=&#8221;off&#8221; prev_background_color=&#8221;#000000&#8243; next_background_color=&#8221;#000000&#8243;][et_pb_row _builder_version=&#8221;3.19.4&#8243;][et_pb_column type=&#8221;4_4&#8243;][et_pb_text admin_label=&#8221;FOTO E APRESENTA\u00c7\u00c3O&#8221; _builder_version=&#8221;3.19.4&#8243;]<\/p>\n<div class=\"et_pb_module et_pb_text et_pb_text_1 et_pb_bg_layout_light  et_pb_text_align_left\">\n<div class=\"et_pb_text_inner\">\n<p><span class=\"Azul IL\"><strong><img loading=\"lazy\" decoding=\"async\" class=\"alignleft wp-image-29277 size-full\" src=\"http:\/\/www.cirurgiavet.com\/web\/wp-content\/uploads\/2016\/11\/palomaid.jpg\" alt=\"\" width=\"100\" height=\"133\" \/><span class=\"Azul IL\" style=\"color: #1e73be;\">\u201cPaloma\u201d<\/span><\/strong><\/span><br \/><span class=\"Azul IL\" style=\"color: #1e73be;\">Pointer f\u00eamea com 6 anos de idade<\/span><\/p>\n<div>Contractura fibr\u00f3tica do m\u00fasculo infra-espinhoso. Suspeitou-se de causa traum\u00e1tica.<\/div>\n<\/div>\n<\/div>\n<p>[\/et_pb_text][\/et_pb_column][\/et_pb_row][et_pb_row admin_label=&#8221;row&#8221; custom_padding=&#8221;0px|0px|27px|0px&#8221; padding_mobile=&#8221;off&#8221; column_padding_mobile=&#8221;on&#8221; _builder_version=&#8221;3.19.4&#8243; background_size=&#8221;initial&#8221; background_position=&#8221;top_left&#8221; background_repeat=&#8221;repeat&#8221;][et_pb_column type=&#8221;4_4&#8243;][et_pb_text admin_label=&#8221;TEXTO DO CASO CL\u00cdNICO&#8221; disabled=&#8221;off&#8221; background_position=&#8221;top_left&#8221; background_repeat=&#8221;repeat&#8221; background_size=&#8221;initial&#8221; _builder_version=&#8221;3.19.4&#8243;]<\/p>\n<hr \/>\n<h3>1 &#8211; Contractura fibr\u00f3tica do infra-espinhoso<\/h3>\n<p style=\"text-align: center;\"><img loading=\"lazy\" decoding=\"async\" class=\"aligncenter wp-image-29276 size-full\" src=\"http:\/\/www.cirurgiavet.com\/web\/wp-content\/uploads\/2016\/11\/paloma1.jpg\" alt=\"\" width=\"486\" height=\"500\" srcset=\"http:\/\/www.cirurgiavet.com\/web\/wp-content\/uploads\/2016\/11\/paloma1.jpg 486w, http:\/\/www.cirurgiavet.com\/web\/wp-content\/uploads\/2016\/11\/paloma1-292x300.jpg 292w\" sizes=\"(max-width: 486px) 100vw, 486px\" \/><em>Atrofia do infraespinhoso ficando mais saliente (visualmente) a espinha da esc\u00e1pula.<\/em><\/p>\n<p style=\"text-align: center;\"><iframe loading=\"lazy\" src=\"\/\/www.youtube.com\/embed\/I9xEKR8JwXw\" width=\"560\" height=\"315\" frameborder=\"0\" allowfullscreen=\"allowfullscreen\"><\/iframe><br \/><em>Posi\u00e7\u00e3o t\u00edpica do membro em abdu\u00e7\u00e3o com rota\u00e7\u00e3o externa<\/em><\/p>\n<p>\u00a0<\/p>\n<p style=\"text-align: center;\"><iframe loading=\"lazy\" src=\"\/\/www.youtube.com\/embed\/k5NRDDR3WQw\" width=\"560\" height=\"314\" allowfullscreen=\"allowfullscreen\"><\/iframe><br \/><em>Tentamos contrair a posi\u00e7\u00e3o an\u00f3mala e toda a esc\u00e1pula se eleva do tronco<\/em><\/p>\n<hr \/>\n<h3>2 &#8211; Tenotomia<\/h3>\n<p style=\"text-align: center;\"><img loading=\"lazy\" decoding=\"async\" class=\"aligncenter wp-image-29275 size-full\" src=\"http:\/\/www.cirurgiavet.com\/web\/wp-content\/uploads\/2016\/11\/paloma2.jpg\" alt=\"\" width=\"500\" height=\"399\" srcset=\"http:\/\/www.cirurgiavet.com\/web\/wp-content\/uploads\/2016\/11\/paloma2.jpg 500w, http:\/\/www.cirurgiavet.com\/web\/wp-content\/uploads\/2016\/11\/paloma2-300x239.jpg 300w\" sizes=\"(max-width: 500px) 100vw, 500px\" \/><em>Tenotomia do infra-espinhoso com remo\u00e7\u00e3o de uma por\u00e7\u00e3o de tend\u00e3o junto com tecido fibroso.<br \/>Por debaixo do deltoide visualizamos a substitui\u00e7\u00e3o de fibras musculares por tecido fibros. <\/em><\/p>\n<p style=\"text-align: center;\"><img loading=\"lazy\" decoding=\"async\" class=\"aligncenter wp-image-29274 size-full\" src=\"http:\/\/www.cirurgiavet.com\/web\/wp-content\/uploads\/2016\/11\/paloma3.jpg\" alt=\"\" width=\"500\" height=\"345\" srcset=\"http:\/\/www.cirurgiavet.com\/web\/wp-content\/uploads\/2016\/11\/paloma3.jpg 500w, http:\/\/www.cirurgiavet.com\/web\/wp-content\/uploads\/2016\/11\/paloma3-300x207.jpg 300w\" sizes=\"(max-width: 500px) 100vw, 500px\" \/><em>Fragmento de tend\u00e3o e tecido muscular fibrosado removido. <\/em><\/p>\n<hr \/>\n<p>\u00a0<\/p>\n<p>[\/et_pb_text][\/et_pb_column][\/et_pb_row][\/et_pb_section][et_pb_section bb_built=&#8221;1&#8243; _builder_version=&#8221;3.0.47&#8243; prev_background_color=&#8221;#000000&#8243;][et_pb_row _builder_version=&#8221;3.0.48&#8243; background_size=&#8221;initial&#8221; background_position=&#8221;top_left&#8221; background_repeat=&#8221;repeat&#8221;][et_pb_column type=&#8221;4_4&#8243;][et_pb_button admin_label=&#8221;BOT\u00c3O VOLTAR ORTOPEDIA (n\u00e3o editar)&#8221; button_url=&#8221;http:\/\/www.cirurgiavet.com\/web\/casos-clinicos-ortopedia\/&#8221; button_text=&#8221;MAIS CASOS DE ORTOPEDIA&#8221; button_alignment=&#8221;center&#8221; _builder_version=&#8221;3.19.4&#8243; custom_button=&#8221;on&#8221; button_text_size=&#8221;14px&#8221; button_bg_color=&#8221;#629fca&#8221; button_border_width=&#8221;0px&#8221; button_icon=&#8221;%%197%%&#8221; button_icon_placement=&#8221;left&#8221; button_on_hover=&#8221;off&#8221; background_layout=&#8221;dark&#8221; button_letter_spacing_hover=&#8221;0&#8243; button_bg_color_hover=&#8221;#14647c&#8221; button_text_size__hover_enabled=&#8221;off&#8221; button_one_text_size__hover_enabled=&#8221;off&#8221; button_two_text_size__hover_enabled=&#8221;off&#8221; button_text_color__hover_enabled=&#8221;off&#8221; button_one_text_color__hover_enabled=&#8221;off&#8221; button_two_text_color__hover_enabled=&#8221;off&#8221; button_border_width__hover_enabled=&#8221;off&#8221; button_one_border_width__hover_enabled=&#8221;off&#8221; button_two_border_width__hover_enabled=&#8221;off&#8221; button_border_color__hover_enabled=&#8221;off&#8221; button_one_border_color__hover_enabled=&#8221;off&#8221; button_two_border_color__hover_enabled=&#8221;off&#8221; button_border_radius__hover_enabled=&#8221;off&#8221; button_one_border_radius__hover_enabled=&#8221;off&#8221; button_two_border_radius__hover_enabled=&#8221;off&#8221; button_letter_spacing__hover_enabled=&#8221;on&#8221; button_letter_spacing__hover=&#8221;0&#8243; button_one_letter_spacing__hover_enabled=&#8221;off&#8221; button_two_letter_spacing__hover_enabled=&#8221;off&#8221; button_bg_color__hover_enabled=&#8221;on&#8221; button_bg_color__hover=&#8221;#14647c&#8221; button_one_bg_color__hover_enabled=&#8221;off&#8221; button_two_bg_color__hover_enabled=&#8221;off&#8221; \/][\/et_pb_column][\/et_pb_row][\/et_pb_section]<\/p>\n","protected":false},"excerpt":{"rendered":"<div class=\"text-headers-3\"><strong><span style=\"color: #1e73be;\">&#8220;Paloma&#8221;<\/span><\/strong><br \/>\n<em><span class=\"text-headers-4\" style=\"color: #1e73be;\">Pointer f\u00eamea com 6 anos de idade<\/span><\/em><\/div>\n<div class=\"text-headers-3\">\u00a0<\/div>\n<div>Contractura fibr\u00f3tica do m\u00fasculo infra-espinhoso. Suspeitou-se de causa traum\u00e1tica.<\/div>\n","protected":false},"author":1,"featured_media":29277,"comment_status":"closed","ping_status":"closed","sticky":false,"template":"","format":"standard","meta":{"_et_pb_use_builder":"on","_et_pb_old_content":"","_et_gb_content_width":"","footnotes":""},"categories":[13],"tags":[45,29,38,27,28,32,46,30,39,48,33,35,47,37,34,31,49,36],"_links":{"self":[{"href":"http:\/\/www.cirurgiavet.com\/web\/wp-json\/wp\/v2\/posts\/29262"}],"collection":[{"href":"http:\/\/www.cirurgiavet.com\/web\/wp-json\/wp\/v2\/posts"}],"about":[{"href":"http:\/\/www.cirurgiavet.com\/web\/wp-json\/wp\/v2\/types\/post"}],"author":[{"embeddable":true,"href":"http:\/\/www.cirurgiavet.com\/web\/wp-json\/wp\/v2\/users\/1"}],"replies":[{"embeddable":true,"href":"http:\/\/www.cirurgiavet.com\/web\/wp-json\/wp\/v2\/comments?post=29262"}],"version-history":[{"count":18,"href":"http:\/\/www.cirurgiavet.com\/web\/wp-json\/wp\/v2\/posts\/29262\/revisions"}],"predecessor-version":[{"id":29440,"href":"http:\/\/www.cirurgiavet.com\/web\/wp-json\/wp\/v2\/posts\/29262\/revisions\/29440"}],"wp:featuredmedia":[{"embeddable":true,"href":"http:\/\/www.cirurgiavet.com\/web\/wp-json\/wp\/v2\/media\/29277"}],"wp:attachment":[{"href":"http:\/\/www.cirurgiavet.com\/web\/wp-json\/wp\/v2\/media?parent=29262"}],"wp:term":[{"taxonomy":"category","embeddable":true,"href":"http:\/\/www.cirurgiavet.com\/web\/wp-json\/wp\/v2\/categories?post=29262"},{"taxonomy":"post_tag","embeddable":true,"href":"http:\/\/www.cirurgiavet.com\/web\/wp-json\/wp\/v2\/tags?post=29262"}],"curies":[{"name":"wp","href":"https:\/\/api.w.org\/{rel}","templated":true}]}}